{"id":31148,"date":"2014-04-13T19:17:43","date_gmt":"2014-04-13T17:17:43","guid":{"rendered":"http:\/\/www.imore.it\/rivista\/?p=31148"},"modified":"2016-12-18T16:28:45","modified_gmt":"2016-12-18T14:28:45","slug":"tredici-vetrine-per-vestirsi-bene","status":"publish","type":"post","link":"https:\/\/www.imore.it\/rivista\/tredici-vetrine-per-vestirsi-bene\/","title":{"rendered":"Tredici vetrine per &#8220;vestirsi bene&#8221;&#8230;"},"content":{"rendered":"<div id=\"attachment_31152\" style=\"width: 235px\" class=\"wp-caption alignleft\"><a href=\"http:\/\/www.imore.it\/rivista\/wp-content\/uploads\/2014\/04\/Il-compasso-doro.jpg\"><img loading=\"lazy\" decoding=\"async\" aria-describedby=\"caption-attachment-31152\" class=\"size-medium wp-image-31152\" alt=\"Pannello degli oggetti del &quot;Compasso d'Oro&quot; esposti\" src=\"http:\/\/www.imore.it\/rivista\/wp-content\/uploads\/2014\/04\/Il-compasso-doro-225x300.jpg\" width=\"225\" height=\"300\" srcset=\"https:\/\/www.imore.it\/rivista\/wp-content\/uploads\/2014\/04\/Il-compasso-doro-225x300.jpg 225w, https:\/\/www.imore.it\/rivista\/wp-content\/uploads\/2014\/04\/Il-compasso-doro-768x1024.jpg 768w, https:\/\/www.imore.it\/rivista\/wp-content\/uploads\/2014\/04\/Il-compasso-doro.jpg 960w\" sizes=\"(max-width: 225px) 100vw, 225px\" \/><\/a><p id=\"caption-attachment-31152\" class=\"wp-caption-text\">Pannello degli oggetti del &#8220;Compasso d&#8217;Oro&#8221; esposti<\/p><\/div>\n<p style=\"text-align: justify;\"><em>&#8220;<strong>Miroglio<\/strong> ti <strong>VESTEBENE<\/strong>: perch\u00e9 la cosa principale per noi \u00e8 farti sentire bene&#8221;.<\/em><br \/>\nQuesto il manifesto che troneggia col suo amabile messaggio all&#8217;interno del nuovo concept store in piazza della Scala che il gruppo di Alba ha inaugurato da pochi giorni a Milano.<br \/>\nA seguire, l&#8217;elenco dei vari marchi della &#8220;casa&#8221;- <strong>CARACT\u00c8RE e ELENA MIR\u00d2<\/strong> in primis- con tutte le &#8220;etichette maison&#8221;: <strong>Motivi, Diana Gallesi, Luisa Viola, Per Te by Krizia, Oltre, Fiorella Rubino.<\/strong><br \/>\nL&#8217;idea di offrire a tutte le donne, di qualsiasi et\u00e0 e di qualsiasi taglia, bellezza, confort, eleganza, praticit\u00e0. Moda da indossare con disinvoltura e femminilit\u00e0.<br \/>\nStile da &#8220;consumare&#8221; a tutte le ore del giorno, seguendo la possibilit\u00e0 di mescolare i vari pezzi che, complice il fil rouge comune, troveranno sempre e trasversalmente il giusto modo per essere ben interpretati.<br \/>\nLa presentazione ufficiale alla stampa \u00e8 avvenuta in concomitanza con l&#8217;inizio della settimana del design e ha offerto come protagonisti, oltre agli abiti, veri pezzi &#8220;da novanta&#8221;.<br \/>\nGli occhi dei visitatori del magnifico involucro hanno potuto infatti ammirare, insieme alle varie collezioni e alle &#8220;creazioni speciali&#8221; dei due giovani designer italiani <strong>Gabriele Colangelo e Massimo Giorgetti<\/strong> -investiti del compito di realizzare per CARACT\u00c8RE e per ELENA MIR\u00d2 una particolare &#8220;scenografia stilistica&#8221; ad hoc- la preziosa esposizione, fino al 5 maggio, di alcune chicche della <strong>COLLEZIONE STORICA de &#8220;IL COMPASSO D&#8217;ORO ADI&#8221;<\/strong>.<br \/>\nCome \u00e8 noto, il prestigioso premio fu istituito nel 1954 su iniziativa de LA RINASCENTE e fu ideato da GI\u00d2 PONTI -che volle dare enfasi e valore alla qualit\u00e0 dei prodotti del design italiano-. Gestito dal 1958 dall&#8217;ADI -Associazione per il disegno industriale-, risulta essere il maggior riconoscimento dell&#8217;eccellenza del design italiano e la Collezione Storica \u00e8 meritatamente inserita nel patrimonio nazionale.<br \/>\nDunque, 21 oggetti icona dal fascino intramontabile e dallo stile intatto-restaurati con un progetto iniziato alcuni anni fa grazie alla Fondazione Centro Conservazione e Restauro La Venaria Reale e al supporto del Gruppo Miraglio- a fare da contraltare ai capi d&#8217;abbigliamento e agli accessori di &#8220;fresca&#8221; nascita.<br \/>\nUn connubio perfetto. E perfettamente dialogante.<br \/>\nUn soprabito bianco e giallo a campana e il <strong>televisore Doney<\/strong> del 1962; una tunica a fantasia floreale e la <strong>poltrona\u00a0 Soriana di Cassina<\/strong> del 1969; un pantalone marinaro bianco\/azzurro e la <strong>lampada Tolomeo di Artemide<\/strong>; una giacca militare e la macchina da scrivere <strong>Lettera 22 della Olivetti<\/strong>; una cappa in mikado crema e il<strong> telefono Grillo.<\/strong>&#8230;.<br \/>\nNel gioco delle parti ogni cosa gioca la sua. La visione stuzzica l&#8217;immaginazione e mette in atto ricordi e momenti vissuti. La ricerca dei particolari suggestivi e delle seducenti affinit\u00e0 trova modo di non stancarsi mai e di alimentarsi ad oltranza.<br \/>\n&#8220;Io voglio liberare la mia ispirazione dai confini del solito&#8221;, diceva<strong> Fornasetti<\/strong>.<br \/>\nEcco, i confini di questo aereo, aperto, luminoso e accogliente spazio nato da poco accanto ad uno dei teatri pi\u00f9 belli al mondo, promettono qualcosa di simile&#8230;.<\/p>\n\r\n\t\t<style type='text\/css'>\r\n\t\t\t#gallery-1 {\r\n\t\t\t\tmargin: auto;\r\n\t\t\t}\r\n\t\t\t#gallery-1 .gallery-item {\r\n\t\t\t\tfloat: left;\r\n\t\t\t\tmargin-top: 10px;\r\n\t\t\t\ttext-align: center;\r\n\t\t\t\twidth: 25%;\r\n\t\t\t}\r\n\t\t\t#gallery-1 img {\r\n\t\t\t\tborder: 2px solid #cfcfcf;\r\n\t\t\t}\r\n\t\t\t#gallery-1 .gallery-caption {\r\n\t\t\t\tmargin-left: 0;\r\n\t\t\t}\r\n\t\t<\/style>\r\n\t\t<!-- see gallery_shortcode() in wp-includes\/media.php -->\n\t\t<div id='gallery-1' class='gallery galleryid-31148 gallery-columns-4 gallery-size-thumbnail gallery1'><script type=\"text\/javascript\">\r\n\/\/ <![CDATA[\r\n\tjQuery(document).ready(function () {\r\n\t\tjQuery(\".gallery1 a\").attr(\"rel\",\"gallery1\");\t\r\n\t\tjQuery('a[rel=\"gallery1\"]').colorbox({maxWidth:\"95%\", maxHeight:\"95%\",title: function(){ return jQuery(this).children().attr(\"alt\"); }, });\r\n\t});\r\n\/\/ ]]>\r\n<\/script>\n<dl class=\"gallery-item\">\n<dt class=\"gallery-icon\">\r\n<a href=\"https:\/\/www.imore.it\/rivista\/wp-content\/uploads\/2014\/04\/il-claim-Miroglio.jpg\" title=\"Il  claim Miroglio\" rel=\"gallery1\"><img loading=\"lazy\" decoding=\"async\" src=\"https:\/\/www.imore.it\/rivista\/wp-content\/uploads\/2014\/04\/il-claim-Miroglio-150x150.jpg\" width=\"150\" height=\"150\" alt=\"Il claim Miroglio\" \/><\/a>\r\n<\/dt><dd class=\"gallery-caption\" id=\"caption31151\"><span class=\"imagecaption\">Il  claim Miroglio<\/span><br \/>\n<span class=\"imagedescription\">Il  claim Miroglio<\/span><br \/>\n<\/dd><\/dl><dl class=\"gallery-item\">\n<dt class=\"gallery-icon\">\r\n<a href=\"https:\/\/www.imore.it\/rivista\/wp-content\/uploads\/2014\/04\/GABRIELE-COLANGELO.jpg\" title=\"Abito G. Colangelo per Miroglio \" rel=\"gallery1\"><img loading=\"lazy\" decoding=\"async\" src=\"https:\/\/www.imore.it\/rivista\/wp-content\/uploads\/2014\/04\/GABRIELE-COLANGELO-150x150.jpg\" width=\"150\" height=\"150\" alt=\"Abito G. Colangelo per Miroglio\" \/><\/a>\r\n<\/dt><dd class=\"gallery-caption\" id=\"caption31150\"><span class=\"imagecaption\">Abito G. Colangelo per Miroglio <\/span><br \/>\n<span class=\"imagedescription\">Abito G. Colangelo per Miroglio <\/span><br \/>\n<\/dd><\/dl><dl class=\"gallery-item\">\n<dt class=\"gallery-icon\">\r\n<a href=\"https:\/\/www.imore.it\/rivista\/wp-content\/uploads\/2014\/04\/MASSIMO-GIORGETTI.jpg\" title=\"Abito M. Giorgetti per Miroglio\" rel=\"gallery1\"><img loading=\"lazy\" decoding=\"async\" src=\"https:\/\/www.imore.it\/rivista\/wp-content\/uploads\/2014\/04\/MASSIMO-GIORGETTI-150x150.jpg\" width=\"150\" height=\"150\" alt=\"Abito M. Giorgetti per Miroglio\" \/><\/a>\r\n<\/dt><dd class=\"gallery-caption\" id=\"caption31156\"><span class=\"imagecaption\">Abito M. Giorgetti per Miroglio<\/span><br \/>\n<span class=\"imagedescription\">Abito M. Giorgetti per Miroglio<\/span><br \/>\n<\/dd><\/dl><dl class=\"gallery-item\">\n<dt class=\"gallery-icon\">\r\n<a href=\"https:\/\/www.imore.it\/rivista\/wp-content\/uploads\/2014\/04\/Il-compasso-doro.jpg\" title=\"Pannello degli oggetti del &quot;Compasso d&#039;Oro&quot; esposti\" rel=\"gallery1\"><img loading=\"lazy\" decoding=\"async\" src=\"https:\/\/www.imore.it\/rivista\/wp-content\/uploads\/2014\/04\/Il-compasso-doro-150x150.jpg\" width=\"150\" height=\"150\" alt=\"Pannello degli oggetti del &quot;Compasso d&#039;Oro&quot; esposti\" \/><\/a>\r\n<\/dt><dd class=\"gallery-caption\" id=\"caption31152\"><span class=\"imagecaption\">Pannello degli oggetti del \"Compasso d'Oro\" esposti<\/span><br \/>\n<span class=\"imagedescription\">Pannello degli oggetti del \"Compasso d'Oro\" esposti<\/span><br \/>\n<\/dd><\/dl><br style=\"clear: both\" \/><dl class=\"gallery-item\">\n<dt class=\"gallery-icon\">\r\n<a href=\"https:\/\/www.imore.it\/rivista\/wp-content\/uploads\/2014\/04\/Lampada-Atollo.jpg\" title=\"Lampada Atollo\" rel=\"gallery1\"><img loading=\"lazy\" decoding=\"async\" src=\"https:\/\/www.imore.it\/rivista\/wp-content\/uploads\/2014\/04\/Lampada-Atollo-150x150.jpg\" width=\"150\" height=\"150\" alt=\"Lampada Atollo\" \/><\/a>\r\n<\/dt><dd class=\"gallery-caption\" id=\"caption31153\"><span class=\"imagecaption\">Lampada Atollo<\/span><br \/>\n<span class=\"imagedescription\">Lampada Atollo<\/span><br \/>\n<\/dd><\/dl><dl class=\"gallery-item\">\n<dt class=\"gallery-icon\">\r\n<a href=\"https:\/\/www.imore.it\/rivista\/wp-content\/uploads\/2014\/04\/spremilimoni-Kartell-1957.jpg\" title=\"Spremilimoni Kartell\" rel=\"gallery1\"><img loading=\"lazy\" decoding=\"async\" src=\"https:\/\/www.imore.it\/rivista\/wp-content\/uploads\/2014\/04\/spremilimoni-Kartell-1957-150x147.jpg\" width=\"150\" height=\"147\" alt=\"Spremilimoni Kartell\" \/><\/a>\r\n<\/dt><dd class=\"gallery-caption\" id=\"caption31158\"><span class=\"imagecaption\">Spremilimoni Kartell<\/span><br \/>\n<\/dd><\/dl><dl class=\"gallery-item\">\n<dt class=\"gallery-icon\">\r\n<a href=\"https:\/\/www.imore.it\/rivista\/wp-content\/uploads\/2014\/04\/Televisore-Brionvega-Doney.jpg\" title=\"Televisore Brionvega Doney\" rel=\"gallery1\"><img loading=\"lazy\" decoding=\"async\" src=\"https:\/\/www.imore.it\/rivista\/wp-content\/uploads\/2014\/04\/Televisore-Brionvega-Doney-150x150.jpg\" width=\"150\" height=\"150\" alt=\"Televisore Brionvega Doney\" \/><\/a>\r\n<\/dt><dd class=\"gallery-caption\" id=\"caption31160\"><span class=\"imagecaption\">Televisore Brionvega Doney<\/span><br \/>\n<span class=\"imagedescription\">Televisore Brionvega Doney<\/span><br \/>\n<\/dd><\/dl><dl class=\"gallery-item\">\n<dt class=\"gallery-icon\">\r\n<a href=\"https:\/\/www.imore.it\/rivista\/wp-content\/uploads\/2014\/04\/Lettera-22-Olivetti.jpg\" title=\"Lettera 22 Olivetti\" rel=\"gallery1\"><img loading=\"lazy\" decoding=\"async\" src=\"https:\/\/www.imore.it\/rivista\/wp-content\/uploads\/2014\/04\/Lettera-22-Olivetti-150x150.jpg\" width=\"150\" height=\"150\" alt=\"Lettera 22 Olivetti\" \/><\/a>\r\n<\/dt><dd class=\"gallery-caption\" id=\"caption31155\"><span class=\"imagecaption\">Lettera 22 Olivetti<\/span><br \/>\n<span class=\"imagedescription\">Lettera 22 Olivetti<\/span><br \/>\n<\/dd><\/dl><br style=\"clear: both\" \/><dl class=\"gallery-item\">\n<dt class=\"gallery-icon\">\r\n<a href=\"https:\/\/www.imore.it\/rivista\/wp-content\/uploads\/2014\/04\/store-Miroglio.jpg\" title=\"Store Miroglio\" rel=\"gallery1\"><img loading=\"lazy\" decoding=\"async\" src=\"https:\/\/www.imore.it\/rivista\/wp-content\/uploads\/2014\/04\/store-Miroglio-150x150.jpg\" width=\"150\" height=\"150\" alt=\"Store Miroglio\" \/><\/a>\r\n<\/dt><dd class=\"gallery-caption\" id=\"caption31159\"><span class=\"imagecaption\">Store Miroglio<\/span><br \/>\n<span class=\"imagedescription\">Store Miroglio<\/span><br \/>\n<\/dd><\/dl><dl class=\"gallery-item\">\n<dt class=\"gallery-icon\">\r\n<a href=\"https:\/\/www.imore.it\/rivista\/wp-content\/uploads\/2014\/04\/le-vetrine-delloi-store-Miroglio.jpg\" title=\"Le vetrine dello store Miroglio\" rel=\"gallery1\"><img loading=\"lazy\" decoding=\"async\" src=\"https:\/\/www.imore.it\/rivista\/wp-content\/uploads\/2014\/04\/le-vetrine-delloi-store-Miroglio-150x150.jpg\" width=\"150\" height=\"150\" alt=\"Le vetrine dello store Miroglio\" \/><\/a>\r\n<\/dt><dd class=\"gallery-caption\" id=\"caption31149\"><span class=\"imagecaption\">Le vetrine dello store Miroglio<\/span><br \/>\n<span class=\"imagedescription\">Le vetrine dello store Miroglio<\/span><br \/>\n<\/dd><\/dl>\r\n\t\t\t<br style='clear: both' \/>\r\n\t\t<\/div>\n\n\n\n\n\t<div class=\"dkpdf-button-container\" style=\" text-align:right \">\n\n\t\t<a class=\"dkpdf-button\" href=\"\/rivista\/wp-json\/wp\/v2\/posts\/31148?pdf=31148\" target=\"_blank\"><span class=\"dkpdf-button-icon\"><i class=\"fa fa-file-pdf-o\"><\/i><\/span> PDF<\/a>\n\n\t<\/div>\n\n\n\n\n\n","protected":false},"excerpt":{"rendered":"<p>&#8220;Miroglio ti VESTEBENE: perch\u00e9 la cosa principale per noi \u00e8 farti sentire bene&#8221;. Questo il manifesto che troneggia col suo amabile messaggio all&#8217;interno del nuovo concept store in piazza della Scala che il gruppo di Alba ha inaugurato da pochi giorni a Milano. A seguire, l&#8217;elenco dei vari marchi della &#8220;casa&#8221;- CARACT\u00c8RE e ELENA MIR\u00d2&#8230;<\/p>\n","protected":false},"author":3,"featured_media":0,"comment_status":"closed","ping_status":"open","sticky":false,"template":"","format":"standard","meta":{"footnotes":""},"categories":[2764],"tags":[3226,6782,6780,379,3225,6788,3064,6785,6786,3218,6781,1250,3216,3224,3219,6784,6787,6783,6779],"class_list":["post-31148","post","type-post","status-publish","format-standard","hentry","category-mo-d-a-a","tag-caractere","tag-collezione-storica-de-il-compasso-doro-adi","tag-diana-gallesi","tag-elena-miro","tag-fiorella-rubino","tag-fornasetti","tag-gabriele-colangelo","tag-lampada-tolomeo-di-artemide","tag-lettera-22-della-olivetti","tag-luisa-viola","tag-massimo-giorgetti","tag-miroglio","tag-motivi","tag-oltre","tag-per-te-by-krizia","tag-poltrona-soriana-di-cassina","tag-telefono-grillo","tag-televisore-doney","tag-vestebene"],"_links":{"self":[{"href":"https:\/\/www.imore.it\/rivista\/wp-json\/wp\/v2\/posts\/31148"}],"collection":[{"href":"https:\/\/www.imore.it\/rivista\/wp-json\/wp\/v2\/posts"}],"about":[{"href":"https:\/\/www.imore.it\/rivista\/wp-json\/wp\/v2\/types\/post"}],"author":[{"embeddable":true,"href":"https:\/\/www.imore.it\/rivista\/wp-json\/wp\/v2\/users\/3"}],"replies":[{"embeddable":true,"href":"https:\/\/www.imore.it\/rivista\/wp-json\/wp\/v2\/comments?post=31148"}],"version-history":[{"count":1,"href":"https:\/\/www.imore.it\/rivista\/wp-json\/wp\/v2\/posts\/31148\/revisions"}],"predecessor-version":[{"id":36784,"href":"https:\/\/www.imore.it\/rivista\/wp-json\/wp\/v2\/posts\/31148\/revisions\/36784"}],"wp:attachment":[{"href":"https:\/\/www.imore.it\/rivista\/wp-json\/wp\/v2\/media?parent=31148"}],"wp:term":[{"taxonomy":"category","embeddable":true,"href":"https:\/\/www.imore.it\/rivista\/wp-json\/wp\/v2\/categories?post=31148"},{"taxonomy":"post_tag","embeddable":true,"href":"https:\/\/www.imore.it\/rivista\/wp-json\/wp\/v2\/tags?post=31148"}],"curies":[{"name":"wp","href":"https:\/\/api.w.org\/{rel}","templated":true}]}}