{"id":38604,"date":"2017-06-24T18:09:21","date_gmt":"2017-06-24T16:09:21","guid":{"rendered":"http:\/\/www.imore.it\/rivista\/?p=38604"},"modified":"2017-06-24T22:17:50","modified_gmt":"2017-06-24T20:17:50","slug":"la-fabbrica-contemporanea-di-brunello-cucinelli-ha-luomo-al-centro","status":"publish","type":"post","link":"https:\/\/www.imore.it\/rivista\/la-fabbrica-contemporanea-di-brunello-cucinelli-ha-luomo-al-centro\/","title":{"rendered":"La &#8220;Fabbrica Contemporanea&#8221; di Brunello Cucinelli ha l&#8217;uomo al centro"},"content":{"rendered":"<p>Se <strong>Brunello Cucinelli<\/strong> non ci fosse, bisognerebbe inventarlo!<\/p>\n<p>Nessuno se non lui potrebbe esprimere un \u201ccredo\u201d imprenditoriale e umano di questo tipo: <em>\u201cCredo in un\u2019impresa umanistica: un\u2019impresa che risponda nella forma pi\u00f9 nobile a tutte le regole di etica che l\u2019uomo ha definito nel corso dei secoli. Sogno una forma di capitalismo umanistico contemporaneo con forti radici antiche, dove il profitto si consegua senza danno o offesa per alcuno, e parte dello stesso si utilizzi per ogni iniziativa in grado di migliorare concretamente la condizione della vita umana: servizi, scuole, luoghi di culto e recupero dei beni culturali. Nella mia organizzazione il punto di riferimento \u00e8 il bene comune, come strumento di guida per il perseguimento di azioni prudenti e coraggiose. Nella mia impresa ho messo l\u2019uomo al centro di qualsiasi processo produttivo, perch\u00e9 sono convinto che la dignit\u00e0 umana ci sia restituita solo attraverso la riscoperta della coscienza\u201d<\/em>. Coerentemente con questo stile di pensiero, che si nutre quotidianamente delle letture di Socrate, Seneca, Kant,\u00a0 Marco Aurelio, Alessandro Magno, San Benedetto, il \u201cre del cashmere a colori\u201d ha lanciato di recente, nella sede di Confindustria Umbria (la sua regione), il progetto <strong>&#8220;Fabbrica contemporanea&#8221;.<\/strong><\/p>\n\r\n\t\t<style type='text\/css'>\r\n\t\t\t#gallery-1 {\r\n\t\t\t\tmargin: auto;\r\n\t\t\t}\r\n\t\t\t#gallery-1 .gallery-item {\r\n\t\t\t\tfloat: left;\r\n\t\t\t\tmargin-top: 10px;\r\n\t\t\t\ttext-align: center;\r\n\t\t\t\twidth: 33%;\r\n\t\t\t}\r\n\t\t\t#gallery-1 img {\r\n\t\t\t\tborder: 2px solid #cfcfcf;\r\n\t\t\t}\r\n\t\t\t#gallery-1 .gallery-caption {\r\n\t\t\t\tmargin-left: 0;\r\n\t\t\t}\r\n\t\t<\/style>\r\n\t\t<!-- see gallery_shortcode() in wp-includes\/media.php -->\n\t\t<div id='gallery-1' class='gallery galleryid-38604 gallery-columns-3 gallery-size-thumbnail gallery1'><script type=\"text\/javascript\">\r\n\/\/ <![CDATA[\r\n\tjQuery(document).ready(function () {\r\n\t\tjQuery(\".gallery1 a\").attr(\"rel\",\"gallery1\");\t\r\n\t\tjQuery('a[rel=\"gallery1\"]').colorbox({maxWidth:\"95%\", maxHeight:\"95%\",title: function(){ return jQuery(this).children().attr(\"alt\"); }, });\r\n\t});\r\n\/\/ ]]>\r\n<\/script>\n<dl class=\"gallery-item\">\n<dt class=\"gallery-icon\">\r\n<a href=\"https:\/\/www.imore.it\/rivista\/wp-content\/uploads\/2017\/06\/la-scuola-di-arti-e-mestieri-di-Solomeo-01.jpg\" title=\"Cucinelli-La scuola di arti e mestieri di Solomeo \" rel=\"gallery1\"><img loading=\"lazy\" decoding=\"async\" src=\"https:\/\/www.imore.it\/rivista\/wp-content\/uploads\/2017\/06\/la-scuola-di-arti-e-mestieri-di-Solomeo-01-150x150.jpg\" width=\"150\" height=\"150\" alt=\"Cucinelli-La scuola di arti e mestieri di Solomeo\" \/><\/a>\r\n<\/dt><dd class=\"gallery-caption\" id=\"caption38611\"><span class=\"imagecaption\">Cucinelli-La scuola di arti e mestieri di Solomeo <\/span><br \/>\n<span class=\"imagedescription\">Cucinelli-La scuola di arti e mestieri di Solomeo <\/span><br \/>\n<\/dd><\/dl><dl class=\"gallery-item\">\n<dt class=\"gallery-icon\">\r\n<a href=\"https:\/\/www.imore.it\/rivista\/wp-content\/uploads\/2017\/06\/brunello-cucinelli-in-azienda.jpg\" title=\"Brunello Cucinelli in azienda\" rel=\"gallery1\"><img loading=\"lazy\" decoding=\"async\" src=\"https:\/\/www.imore.it\/rivista\/wp-content\/uploads\/2017\/06\/brunello-cucinelli-in-azienda-150x150.jpg\" width=\"150\" height=\"150\" alt=\"Brunello Cucinelli in azienda\" \/><\/a>\r\n<\/dt><dd class=\"gallery-caption\" id=\"caption38609\"><span class=\"imagecaption\">Brunello Cucinelli in azienda<\/span><br \/>\n<span class=\"imagedescription\">Brunello Cucinelli in azienda<\/span><br \/>\n<\/dd><\/dl><dl class=\"gallery-item\">\n<dt class=\"gallery-icon\">\r\n<a href=\"https:\/\/www.imore.it\/rivista\/wp-content\/uploads\/2017\/06\/Brunello_Cucinelliin_taylor_class_school_of_crafts_HIGH.jpg\" title=\"Cucinelli-La scuola di arti e mestieri di Solomeo \" rel=\"gallery1\"><img loading=\"lazy\" decoding=\"async\" src=\"https:\/\/www.imore.it\/rivista\/wp-content\/uploads\/2017\/06\/Brunello_Cucinelliin_taylor_class_school_of_crafts_HIGH-150x150.jpg\" width=\"150\" height=\"150\" alt=\"Cucinelli-La scuola di arti e mestieri di Solomeo \" \/><\/a>\r\n<\/dt><dd class=\"gallery-caption\" id=\"caption38608\"><span class=\"imagecaption\">Cucinelli-La scuola di arti e mestieri di Solomeo <\/span><br \/>\n<\/dd><\/dl><br style=\"clear: both\" \/>\r\n\t\t<\/div>\n\n<p>La finalit\u00e0 di questa idea \u2013 in cui sono state coinvolti autorevoli centri universitari e importanti provider high tech &#8211; \u00e8 quella di elaborare e implementare una strategia fondata sulla ricerca e sull&#8217;innovazione in grado di rafforzare e incrementare i vantaggi competitivi dell\u2019Italia e, in parallelo, di orientare la trasformazione del nostro settore manifatturiero verso nuovi sistemi di prodotto e di processo, in conformit\u00e0 con gli avanzati programmi tecnologici varati dall&#8217;Unione Europea per la cosiddetta <strong>\u201cSmart Factory\u201d.<\/strong> Interessante e peculiare \u00e8 il fatto che Cucinelli per\u00f2 abbia preferito battezzare \u201cFabbrica Contemporanea\u201d e non \u201cFabbrica Intelligente\u201d questa iniziativa, che \u00e8 unica nel suo genere a livello europeo, allo scopo precipuo di valorizzare l\u2019importanza della persona.<\/p>\n<p>Lo stilista-imprenditore ha infatti spiegato che la fabbrica 4.0 \u00e8 \u2018contemporanea\u2019 perch\u00e9 <em>\u201ccapace di utilizzare le opportunit\u00e0 offerte dalle tecnologie e la digitalizzazione dei processi, ma sempre con l\u2019uomo al centro<\/em>\u201d. Rendendosi conto di come Internet ci abbia cambiato la vita, migliorando molti aspetti ma producendo anche distorsioni (ad esempio la perenne interconnessione che crea ansia e deprime la creativit\u00e0), un bel giorno il signor Brunello ha deciso che avrebbe <em>\u201cumanizzato la Rete\u201d<\/em> e <em>\u201cnoi saremmo diventati artigiani umanisti del web\u201d<\/em>. Ecco dunque il suo programma a misura d\u2019uomo contemporaneo che d\u00e0 vita s\u00ec a prodotti altamente innovativi, ma d\u00e0 anche pi\u00f9 vita a se stesso e, quel che pi\u00f9 conta, una vita migliore:<em> \u201cLavorare fino alle 17.30, niente mail n\u00e9 messaggi Whatsapp dopo quell\u2019orario. Meglio telefonarsi, si risparmia tempo e si recupera quel contatto umano che la Rete ha finito con lo spersonalizzare rendendoci tutti pi\u00f9 ansiosi e meno creativi\u201d<\/em>. La sua \u201cformula\u201d prosegue poi con la regola del riposo da ogni interconnessione fino al giorno seguente. Sabato e domenica niente lavoro e distacco totale da mail, Whatsapp e tutti i social. Quindi, in definitiva, l\u2019\u201dingrediente segreto\u201d nella ricetta di Cucinelli consiste nell\u2019 osservare certe regole, per cui si opera \u201csenza smartphone tra le mani\u201d.<\/p>\n<p>\u00ab<em>Siamo italiani<\/em> \u2013 ha rimarcato Cucinelli in un tutt\u2019altro che implicito raffronto con l\u2019industria 4.0 di stampo tedesco \u2013<em> e le nostre peculiarit\u00e0 sono la bellezza, la manualit\u00e0, la creativit\u00e0, e non certo le produzioni di massa a basso costo. Siamo il primo Paese al mondo nel manifatturiero per le produzioni di nicchia che scelgono l\u2019alta e l\u2019altissima qualit\u00e0. Per fare questo dobbiamo essere sostenibili, valorizzando nel modo giusto chi quel valore aggiunto della manualit\u00e0, della creativit\u00e0 fornisce\u201d.<\/em><\/p>\n<p>Il progetto di Fabbrica Contemporanea, che avr\u00e0 il suo headquarter nell\u2019azienda di Solomeo (PG) e si svolger\u00e0 in collaborazione con l\u2019Universit\u00e0 di Perugia, Mit di Boston, IIT di Genova e con il supporto di Confindustria Umbria, nonch\u00e9 di fornitori di tecnologia (Replay, Electra e Temera), si strutturer\u00e0 su 18 mesi, al termine dei quali i soggetti coinvolti dovranno\u00a0proporre e codificare un nuovo modello produttivo della moda, dal disegno alle collezioni fino alla commercializzazione, in un processo \u201caccompagnato, ma non dominato\u201d dai nuovi sistemi tecnologici.\u00a0Il passo successivo sar\u00e0 poi applicare tale modello alle circa 330 aziende dell\u2019indotto del brand Cucinelli, le quali contano 3700 addetti in totale.<\/p>\n<p>In sostanza questa ambiziosa strategia, che pu\u00f2 definirsi etica e politica oltre che meramente socio-economica, mira in ultima istanza a codificare nel settore fashion un modulo che abbraccia tutte le fasi della supply chain e fa sentire i suoi effetti sull\u2019integralit\u00e0 della persona. E cos\u00ec si torna alla filosofia di fondo di Brunello Cucinelli, che non perde occasione per confermare quanto creda <em>\u201cnella qualit\u00e0 e nel bello del prodotto artigianale\u201d e pensi \u201cche non possa esservi qualit\u00e0 senza umanit\u00e0\u201d.<\/em><\/p>\n\n\n\n\t<div class=\"dkpdf-button-container\" style=\" text-align:right \">\n\n\t\t<a class=\"dkpdf-button\" href=\"\/rivista\/wp-json\/wp\/v2\/posts\/38604?pdf=38604\" target=\"_blank\"><span class=\"dkpdf-button-icon\"><i class=\"fa fa-file-pdf-o\"><\/i><\/span> PDF<\/a>\n\n\t<\/div>\n\n\n\n\n\n","protected":false},"excerpt":{"rendered":"<p>Se Brunello Cucinelli non ci fosse, bisognerebbe inventarlo! Nessuno se non lui potrebbe esprimere un \u201ccredo\u201d imprenditoriale e umano di questo tipo: \u201cCredo in un\u2019impresa umanistica: un\u2019impresa che risponda nella forma pi\u00f9 nobile a tutte le regole di etica che l\u2019uomo ha definito nel corso dei secoli. Sogno una forma di capitalismo umanistico contemporaneo con&#8230;<\/p>\n","protected":false},"author":29,"featured_media":38612,"comment_status":"closed","ping_status":"open","sticky":false,"template":"","format":"standard","meta":{"footnotes":""},"categories":[26,6189],"tags":[9103,9104,740,9105],"class_list":["post-38604","post","type-post","status-publish","format-standard","has-post-thumbnail","hentry","category-arte-e-mestiere","category-modaemodi","tag-fabbrica-contemporanea","tag-smart-factory","tag-brunello-cucinelli","tag-imprenditore-umanista"],"_links":{"self":[{"href":"https:\/\/www.imore.it\/rivista\/wp-json\/wp\/v2\/posts\/38604"}],"collection":[{"href":"https:\/\/www.imore.it\/rivista\/wp-json\/wp\/v2\/posts"}],"about":[{"href":"https:\/\/www.imore.it\/rivista\/wp-json\/wp\/v2\/types\/post"}],"author":[{"embeddable":true,"href":"https:\/\/www.imore.it\/rivista\/wp-json\/wp\/v2\/users\/29"}],"replies":[{"embeddable":true,"href":"https:\/\/www.imore.it\/rivista\/wp-json\/wp\/v2\/comments?post=38604"}],"version-history":[{"count":5,"href":"https:\/\/www.imore.it\/rivista\/wp-json\/wp\/v2\/posts\/38604\/revisions"}],"predecessor-version":[{"id":38614,"href":"https:\/\/www.imore.it\/rivista\/wp-json\/wp\/v2\/posts\/38604\/revisions\/38614"}],"wp:featuredmedia":[{"embeddable":true,"href":"https:\/\/www.imore.it\/rivista\/wp-json\/wp\/v2\/media\/38612"}],"wp:attachment":[{"href":"https:\/\/www.imore.it\/rivista\/wp-json\/wp\/v2\/media?parent=38604"}],"wp:term":[{"taxonomy":"category","embeddable":true,"href":"https:\/\/www.imore.it\/rivista\/wp-json\/wp\/v2\/categories?post=38604"},{"taxonomy":"post_tag","embeddable":true,"href":"https:\/\/www.imore.it\/rivista\/wp-json\/wp\/v2\/tags?post=38604"}],"curies":[{"name":"wp","href":"https:\/\/api.w.org\/{rel}","templated":true}]}}