{"id":51173,"date":"2026-04-27T12:20:50","date_gmt":"2026-04-27T10:20:50","guid":{"rendered":"https:\/\/www.imore.it\/rivista\/?p=51173"},"modified":"2026-04-27T12:31:44","modified_gmt":"2026-04-27T10:31:44","slug":"merletti-dautore-una-mostra-a-burano","status":"publish","type":"post","link":"https:\/\/www.imore.it\/rivista\/merletti-dautore-una-mostra-a-burano\/","title":{"rendered":"Merletti d&#8217;Autore.Una mostra a Burano"},"content":{"rendered":"\n<p>A partire dal 21 aprile 2026 e fino all&#8217;8 gennaio 2027, Il <strong>Museo del Merletto di Burano<\/strong> ospita una mostra dedicata ai <strong> Merletti d&#8217;Aurore<\/strong>, con un focus sulla produzione artistica di merletti negli anni Venti e Trenta del Novecento. L\u2019esposizione \u00e8 organizzata nell\u2019ambito della quinta edizione della <strong>Biennale del Merletto <\/strong>che ospiter\u00e0 incontri, appuntamenti e un grande convegno dedicato all\u2019Arte del Merletto, in programma al Museo di Palazzo Mocenigo a giugno 2026.<\/p>\n\n\n\n<p>Il Museo del Merletto di Burano con sede nello storico palazzetto del Podest\u00e0 di Torcello, in Piazza Galuppi a\u00a0Burano, ha le sue origini nella antica e storica <strong>Scuola dei Merlett<\/strong>i, inaugurata nel 1872 per volere della <strong>contessa Andriana Marcello<\/strong> per preservare e tramandare tale tradizione secolare e rilanciarla come risorsa economica. In seguito alla chiusura della scuola nel 1970 venne, nel 1978, istituita una Fondazione per riscoprire e valorizzare l&#8217;arte del merletto. Dopo il lavoro di catalogazione e riordino dell&#8217;archivio storico della scuola e di restauro dell\u2019edificio, Il Museo del Merletto venne ufficialmente aperto nel 1981; nel 1995 viene inserito nel circuito dei Musei Civici di Venezia. Vi sono esposti oltre cento preziosi esemplari della ricca collezione della Scuola, oltre a importanti testimonianze della produzione veneziana dal XVI al XX secolo. Questo spazio offre oggi non solo l\u2019esposizione di pezzi di grande valore, ma anche la possibilit\u00e0 di osservare dal vero le tecniche di lavorazione proposte dalle merlettaie, ancora oggi depositarie di quest\u2019arte e presenti al mattino in museo. Inoltre \u00e8 a disposizione degli studiosi l\u2019archivio, importante fonte di documentazione storico \u2013 artistica, con disegni, foto e varie testimonianze iconografiche.<br><br>La mostra<strong> Merletti d\u2019Autore<\/strong>, dedicata a <strong>Doretta Davanzo Poli <\/strong>tra le pi\u00f9 autorevoli studiose del merletto italiano, ha una parte che potremmo dire didattica, dedicata a far conoscere le due principali tecniche di realizzazione del merletto, ad ago e a tombolo. Le opere sono poi suddivise per aree di produzione, mettendo in luce alcune tra le pi\u00f9 importanti manifatture italiane, come Venezia, Cant\u00f9 e Bologna.<\/p>\n\n\n\n<p>Come abbiamo detto il focus della mostra \u00e8 limitato agli anni Venti e Trenta del Novecento, riconoscendo che \u00e8 nel periodo compreso tra il 1927 e il 1932 che il merletto si afferma come forma autonoma di arte decorativa, al pari del vetro e della ceramica. Storicamente e simbolicamente, la nascita del merletto d\u2019autore coincide con la presentazione del <em>Corteo in costume<\/em> di Giulio Rosso per Jesurum alla<strong> III Biennale di Monza<\/strong>. In questo frangente storico si consolida una nuova concezione progettuale, fondata sulla collaborazione tra manifatture di eccellenza e artisti e designers. Questo \u00e8 un fenomeno che non riguarda esclusivamente l\u2019ambito veneziano ma si estende anche ad altri importanti centri produttivi italiani. Nascono cos\u00ec opere considerate veri manifesti di modernit\u00e0, spesso realizzate come pezzi unici o su commissione per grandi esposizioni: la loro rarit\u00e0 testimonia il valore sperimentale e artistico del merletto d\u2019autore.<br>La mostra si sviluppa come un viaggio attraverso questa straordinaria stagione creativa.<br>Si possono ammirare disegni preparatori, cartoni e pubblicazioni d\u2019epoca, opere di artisti e progettisti quali<strong> Giulio Rosso, Fausto Melotti, Vittorio Zecchin, Giovanni Gariboldi e Tomaso Buzzi<\/strong>: si ripercorre cos\u00ec l\u2019ascesa del merletto d\u2019autore come autentica espressione artistica.<\/p>\n\n\n\n<p>Una sezione speciale \u00e8 dedicata alla mostra internazionale di arti decorative italiane tenutasi ne<strong>l <\/strong>1931 allo <strong>Stedelijk Museum<\/strong>, una delle prime occasioni in cui il merletto italiano si afferm\u00f2 all\u2019estero con grande successo di pubblico e di critica, accanto a ceramiche e vetri di Murano. In questa sezione sono esposti il catalogo originale e uno dei capolavori veneziani presentati allora:<strong> <em>La festa del Redentore<\/em><\/strong> di <strong>Tomaso Buzzi per Melville &amp; Ziffer.<\/strong><\/p>\n\n\n\n<p>Accanto a queste opere, il visitatore incontra una selezione di merletti antichi, che dialogano con le creazioni moderne mettendo in luce continuit\u00e0 e innovazioni tecniche e stilistiche. Il percorso si conclude con una sezione dedicata al secondo dopoguerra, che documenta il rilancio del merletto d\u2019autore attraverso nuove collaborazioni tra artisti e manifatture. Ad arricchire l\u2019esposizione contribuiscono disegni preparatori, cartoni esecutivi e pubblicazioni d\u2019epoca, con particolare attenzione a riviste di riferimento come <strong><em>Domus<\/em>, <em>Fili<\/em> <\/strong>ed<strong> <em>Emporium<\/em>,<\/strong> fondamentali per la diffusione del gusto moderno e del dibattito sulle arti decorative.<\/p>\n\n\n\n<figure class=\"wp-block-gallery has-nested-images columns-default is-cropped wp-block-gallery-1 is-layout-flex wp-block-gallery-is-layout-flex\">\n<figure class=\"wp-block-image size-large\"><img loading=\"lazy\" decoding=\"async\" width=\"1024\" height=\"768\" data-id=\"51195\" src=\"https:\/\/www.imore.it\/rivista\/wp-content\/uploads\/2026\/04\/Merletti-d_Autore1-4-1024x768.jpeg\" alt=\"\" class=\"wp-image-51195\" srcset=\"https:\/\/www.imore.it\/rivista\/wp-content\/uploads\/2026\/04\/Merletti-d_Autore1-4-1024x768.jpeg 1024w, https:\/\/www.imore.it\/rivista\/wp-content\/uploads\/2026\/04\/Merletti-d_Autore1-4-300x225.jpeg 300w, https:\/\/www.imore.it\/rivista\/wp-content\/uploads\/2026\/04\/Merletti-d_Autore1-4-768x576.jpeg 768w, https:\/\/www.imore.it\/rivista\/wp-content\/uploads\/2026\/04\/Merletti-d_Autore1-4-1080x810.jpeg 1080w, https:\/\/www.imore.it\/rivista\/wp-content\/uploads\/2026\/04\/Merletti-d_Autore1-4.jpeg 1142w\" sizes=\"(max-width: 1024px) 100vw, 1024px\" \/><\/figure>\n\n\n\n<figure class=\"wp-block-image size-large\"><img loading=\"lazy\" decoding=\"async\" width=\"1024\" height=\"768\" data-id=\"51196\" src=\"https:\/\/www.imore.it\/rivista\/wp-content\/uploads\/2026\/04\/Merletti-d_Autore2-2-1024x768.jpeg\" alt=\"\" class=\"wp-image-51196\" srcset=\"https:\/\/www.imore.it\/rivista\/wp-content\/uploads\/2026\/04\/Merletti-d_Autore2-2-1024x768.jpeg 1024w, https:\/\/www.imore.it\/rivista\/wp-content\/uploads\/2026\/04\/Merletti-d_Autore2-2-300x225.jpeg 300w, https:\/\/www.imore.it\/rivista\/wp-content\/uploads\/2026\/04\/Merletti-d_Autore2-2-768x576.jpeg 768w, https:\/\/www.imore.it\/rivista\/wp-content\/uploads\/2026\/04\/Merletti-d_Autore2-2-1536x1152.jpeg 1536w, https:\/\/www.imore.it\/rivista\/wp-content\/uploads\/2026\/04\/Merletti-d_Autore2-2-1080x810.jpeg 1080w, https:\/\/www.imore.it\/rivista\/wp-content\/uploads\/2026\/04\/Merletti-d_Autore2-2.jpeg 1613w\" sizes=\"(max-width: 1024px) 100vw, 1024px\" \/><figcaption class=\"wp-element-caption\">Merletti D&#8217;Autore-coutesy Museo del Merletto <\/figcaption><\/figure>\n\n\n\n<figure class=\"wp-block-image size-large\"><img loading=\"lazy\" decoding=\"async\" width=\"1024\" height=\"768\" data-id=\"51199\" src=\"https:\/\/www.imore.it\/rivista\/wp-content\/uploads\/2026\/04\/Merletti-d_Autore3-2-1024x768.jpeg\" alt=\"\" class=\"wp-image-51199\" srcset=\"https:\/\/www.imore.it\/rivista\/wp-content\/uploads\/2026\/04\/Merletti-d_Autore3-2-1024x768.jpeg 1024w, https:\/\/www.imore.it\/rivista\/wp-content\/uploads\/2026\/04\/Merletti-d_Autore3-2-300x225.jpeg 300w, https:\/\/www.imore.it\/rivista\/wp-content\/uploads\/2026\/04\/Merletti-d_Autore3-2-768x576.jpeg 768w, https:\/\/www.imore.it\/rivista\/wp-content\/uploads\/2026\/04\/Merletti-d_Autore3-2-1536x1152.jpeg 1536w, https:\/\/www.imore.it\/rivista\/wp-content\/uploads\/2026\/04\/Merletti-d_Autore3-2-1080x810.jpeg 1080w, https:\/\/www.imore.it\/rivista\/wp-content\/uploads\/2026\/04\/Merletti-d_Autore3-2.jpeg 1613w\" sizes=\"(max-width: 1024px) 100vw, 1024px\" \/><figcaption class=\"wp-element-caption\">Merletti D&#8217;Autore-coutesy Museo del Merletto <\/figcaption><\/figure>\n\n\n\n<figure class=\"wp-block-image size-large\"><img loading=\"lazy\" decoding=\"async\" width=\"1024\" height=\"768\" data-id=\"51201\" src=\"https:\/\/www.imore.it\/rivista\/wp-content\/uploads\/2026\/04\/Merletti-d_Autore4-2-1024x768.jpeg\" alt=\"\" class=\"wp-image-51201\" srcset=\"https:\/\/www.imore.it\/rivista\/wp-content\/uploads\/2026\/04\/Merletti-d_Autore4-2-1024x768.jpeg 1024w, https:\/\/www.imore.it\/rivista\/wp-content\/uploads\/2026\/04\/Merletti-d_Autore4-2-300x225.jpeg 300w, https:\/\/www.imore.it\/rivista\/wp-content\/uploads\/2026\/04\/Merletti-d_Autore4-2-768x576.jpeg 768w, https:\/\/www.imore.it\/rivista\/wp-content\/uploads\/2026\/04\/Merletti-d_Autore4-2-1536x1152.jpeg 1536w, https:\/\/www.imore.it\/rivista\/wp-content\/uploads\/2026\/04\/Merletti-d_Autore4-2-1080x810.jpeg 1080w, https:\/\/www.imore.it\/rivista\/wp-content\/uploads\/2026\/04\/Merletti-d_Autore4-2.jpeg 1714w\" sizes=\"(max-width: 1024px) 100vw, 1024px\" \/><figcaption class=\"wp-element-caption\">Merletti D&#8217;Autore-coutesy Museo del Merletto <\/figcaption><\/figure>\n\n\n\n<figure class=\"wp-block-image size-large\"><img decoding=\"async\" data-id=\"51198\" src=\"https:\/\/www.imore.it\/rivista\/wp-content\/uploads\/2026\/04\/Merletti-d_Autore5-2-1024x768.jpeg\" alt=\"\" class=\"wp-image-51198\"\/><figcaption class=\"wp-element-caption\">Merletti D&#8217;Autore-coutesy Museo del Merletto <\/figcaption><\/figure>\n\n\n\n<figure class=\"wp-block-image size-large\"><img loading=\"lazy\" decoding=\"async\" width=\"1024\" height=\"768\" data-id=\"51200\" src=\"https:\/\/www.imore.it\/rivista\/wp-content\/uploads\/2026\/04\/Merletti-d_Autore8-2-1024x768.jpeg\" alt=\"\" class=\"wp-image-51200\" srcset=\"https:\/\/www.imore.it\/rivista\/wp-content\/uploads\/2026\/04\/Merletti-d_Autore8-2-1024x768.jpeg 1024w, https:\/\/www.imore.it\/rivista\/wp-content\/uploads\/2026\/04\/Merletti-d_Autore8-2-300x225.jpeg 300w, https:\/\/www.imore.it\/rivista\/wp-content\/uploads\/2026\/04\/Merletti-d_Autore8-2-768x576.jpeg 768w, https:\/\/www.imore.it\/rivista\/wp-content\/uploads\/2026\/04\/Merletti-d_Autore8-2-1536x1152.jpeg 1536w, https:\/\/www.imore.it\/rivista\/wp-content\/uploads\/2026\/04\/Merletti-d_Autore8-2-1080x810.jpeg 1080w, https:\/\/www.imore.it\/rivista\/wp-content\/uploads\/2026\/04\/Merletti-d_Autore8-2.jpeg 1613w\" sizes=\"(max-width: 1024px) 100vw, 1024px\" \/><figcaption class=\"wp-element-caption\">Merletti D&#8217;Autore-coutesy Museo del Merletto <\/figcaption><\/figure>\n\n\n\n<figure class=\"wp-block-image size-large\"><img loading=\"lazy\" decoding=\"async\" width=\"1024\" height=\"768\" data-id=\"51197\" src=\"https:\/\/www.imore.it\/rivista\/wp-content\/uploads\/2026\/04\/Merletti-d_Autore9-2-1024x768.jpeg\" alt=\"\" class=\"wp-image-51197\" srcset=\"https:\/\/www.imore.it\/rivista\/wp-content\/uploads\/2026\/04\/Merletti-d_Autore9-2-1024x768.jpeg 1024w, https:\/\/www.imore.it\/rivista\/wp-content\/uploads\/2026\/04\/Merletti-d_Autore9-2-300x225.jpeg 300w, https:\/\/www.imore.it\/rivista\/wp-content\/uploads\/2026\/04\/Merletti-d_Autore9-2-768x576.jpeg 768w, https:\/\/www.imore.it\/rivista\/wp-content\/uploads\/2026\/04\/Merletti-d_Autore9-2-1536x1152.jpeg 1536w, https:\/\/www.imore.it\/rivista\/wp-content\/uploads\/2026\/04\/Merletti-d_Autore9-2-1080x810.jpeg 1080w, https:\/\/www.imore.it\/rivista\/wp-content\/uploads\/2026\/04\/Merletti-d_Autore9-2.jpeg 1613w\" sizes=\"(max-width: 1024px) 100vw, 1024px\" \/><figcaption class=\"wp-element-caption\">Merletti D&#8217;Autore-coutesy Museo del Merletto <\/figcaption><\/figure>\n\n\n\n<figure class=\"wp-block-image size-large\"><img loading=\"lazy\" decoding=\"async\" width=\"1024\" height=\"768\" data-id=\"51202\" src=\"https:\/\/www.imore.it\/rivista\/wp-content\/uploads\/2026\/04\/Merletti-d_Autore10-2-1024x768.jpeg\" alt=\"\" class=\"wp-image-51202\" srcset=\"https:\/\/www.imore.it\/rivista\/wp-content\/uploads\/2026\/04\/Merletti-d_Autore10-2-1024x768.jpeg 1024w, https:\/\/www.imore.it\/rivista\/wp-content\/uploads\/2026\/04\/Merletti-d_Autore10-2-300x225.jpeg 300w, https:\/\/www.imore.it\/rivista\/wp-content\/uploads\/2026\/04\/Merletti-d_Autore10-2-768x576.jpeg 768w, https:\/\/www.imore.it\/rivista\/wp-content\/uploads\/2026\/04\/Merletti-d_Autore10-2-1080x810.jpeg 1080w, https:\/\/www.imore.it\/rivista\/wp-content\/uploads\/2026\/04\/Merletti-d_Autore10-2.jpeg 1210w\" sizes=\"(max-width: 1024px) 100vw, 1024px\" \/><figcaption class=\"wp-element-caption\">Merletti D&#8217;Autore-coutesy Museo del Merletto <\/figcaption><\/figure>\n\n\n\n<figure class=\"wp-block-image size-large\"><img loading=\"lazy\" decoding=\"async\" width=\"1024\" height=\"666\" data-id=\"51203\" src=\"https:\/\/www.imore.it\/rivista\/wp-content\/uploads\/2026\/04\/Tommaso-Buzzi_La-festa-del-Redentore-1024x666.jpg\" alt=\"\" class=\"wp-image-51203\" srcset=\"https:\/\/www.imore.it\/rivista\/wp-content\/uploads\/2026\/04\/Tommaso-Buzzi_La-festa-del-Redentore-1024x666.jpg 1024w, https:\/\/www.imore.it\/rivista\/wp-content\/uploads\/2026\/04\/Tommaso-Buzzi_La-festa-del-Redentore-300x195.jpg 300w, https:\/\/www.imore.it\/rivista\/wp-content\/uploads\/2026\/04\/Tommaso-Buzzi_La-festa-del-Redentore-768x500.jpg 768w, https:\/\/www.imore.it\/rivista\/wp-content\/uploads\/2026\/04\/Tommaso-Buzzi_La-festa-del-Redentore-1080x703.jpg 1080w, https:\/\/www.imore.it\/rivista\/wp-content\/uploads\/2026\/04\/Tommaso-Buzzi_La-festa-del-Redentore.jpg 1179w\" sizes=\"(max-width: 1024px) 100vw, 1024px\" \/><figcaption class=\"wp-element-caption\">Merletti D&#8217;Autore-coutesy Museo del Merletto <\/figcaption><\/figure>\n<\/figure>\n\n\n\n\t<div class=\"dkpdf-button-container\" style=\" text-align:right \">\n\n\t\t<a class=\"dkpdf-button\" href=\"\/rivista\/wp-json\/wp\/v2\/posts\/51173?pdf=51173\" target=\"_blank\"><span class=\"dkpdf-button-icon\"><i class=\"fa fa-file-pdf-o\"><\/i><\/span> PDF<\/a>\n\n\t<\/div>\n\n\n\n\n\n","protected":false},"excerpt":{"rendered":"<p>A partire dal 21 aprile 2026 e fino all&#8217;8 gennaio 2027, Il Museo del Merletto di Burano ospita una mostra dedicata ai Merletti d&#8217;Aurore, con un focus sulla produzione artistica di merletti negli anni Venti e Trenta del Novecento. L\u2019esposizione \u00e8 organizzata nell\u2019ambito della quinta edizione della Biennale del Merletto che ospiter\u00e0 incontri, appuntamenti e&#8230;<\/p>\n","protected":false},"author":16,"featured_media":51198,"comment_status":"closed","ping_status":"open","sticky":false,"template":"","format":"standard","meta":{"footnotes":""},"categories":[26,4],"tags":[10504,12511,8668,12512,12510,12514,12513],"class_list":["post-51173","post","type-post","status-publish","format-standard","has-post-thumbnail","hentry","category-arte-e-mestiere","category-eventi","tag-biennale-del-merletto","tag-contessa-andriana-marcello","tag-doretta-davanzo-poli","tag-la-festa-del-redentore","tag-museo-del-merletto-di-burano","tag-scuola-dei-merlett","tag-tomaso-buzzi-per-melville-ziffer"],"_links":{"self":[{"href":"https:\/\/www.imore.it\/rivista\/wp-json\/wp\/v2\/posts\/51173"}],"collection":[{"href":"https:\/\/www.imore.it\/rivista\/wp-json\/wp\/v2\/posts"}],"about":[{"href":"https:\/\/www.imore.it\/rivista\/wp-json\/wp\/v2\/types\/post"}],"author":[{"embeddable":true,"href":"https:\/\/www.imore.it\/rivista\/wp-json\/wp\/v2\/users\/16"}],"replies":[{"embeddable":true,"href":"https:\/\/www.imore.it\/rivista\/wp-json\/wp\/v2\/comments?post=51173"}],"version-history":[{"count":10,"href":"https:\/\/www.imore.it\/rivista\/wp-json\/wp\/v2\/posts\/51173\/revisions"}],"predecessor-version":[{"id":51215,"href":"https:\/\/www.imore.it\/rivista\/wp-json\/wp\/v2\/posts\/51173\/revisions\/51215"}],"wp:featuredmedia":[{"embeddable":true,"href":"https:\/\/www.imore.it\/rivista\/wp-json\/wp\/v2\/media\/51198"}],"wp:attachment":[{"href":"https:\/\/www.imore.it\/rivista\/wp-json\/wp\/v2\/media?parent=51173"}],"wp:term":[{"taxonomy":"category","embeddable":true,"href":"https:\/\/www.imore.it\/rivista\/wp-json\/wp\/v2\/categories?post=51173"},{"taxonomy":"post_tag","embeddable":true,"href":"https:\/\/www.imore.it\/rivista\/wp-json\/wp\/v2\/tags?post=51173"}],"curies":[{"name":"wp","href":"https:\/\/api.w.org\/{rel}","templated":true}]}}